{"id":12926,"date":"2015-02-18T11:46:36","date_gmt":"2015-02-18T10:46:36","guid":{"rendered":"http:\/\/www.palledicuoio.com\/wordpress\/?p=12926"},"modified":"2015-02-18T11:46:36","modified_gmt":"2015-02-18T10:46:36","slug":"arrigo-sacchi-non-sono-razzista-e-non-parlero-piu-con-giornalisti","status":"publish","type":"post","link":"http:\/\/www.palledicuoio.com\/wordpress\/arrigo-sacchi-non-sono-razzista-e-non-parlero-piu-con-giornalisti\/","title":{"rendered":"Arrigo Sacchi: \u00abNon sono razzista e non parler\u00f2 pi\u00f9 con i giornalisti\u00bb"},"content":{"rendered":"<p>Ci vuole pi\u00f9 umilt\u00e8! Chi non si ricorda di <a href=\"https:\/\/www.youtube.com\/watch?v=Hj_XpxZDZcc\">&#8220;Arrighe&#8221;<\/a>, la parodia di Maurizio Crozza costruita su Arrigo Sacchi? Uno dei personaggi pi\u00f9 \u00a0riusciti del comico ligure in ambito calcistico, forse anche il pi\u00f9 rimpianto. Ma perch\u00e9 parliamo dell&#8217;ex allenatore del <a href=\"http:\/\/www.acmilan.com\/it\">Milan<\/a>? Per una sua frase, pronunciata ieri, rimbalzata su tutti i media. Parole che hanno scomodato pure rappresentanti del governo che oggi le hanno definite: &#8220;Inammissibili e molto gravi&#8221;.<\/p>\n<p>Qual \u00e8 la frase incriminata? Semplice, Sacchi sostiene che nel calcio italiano giovanile ci sono: &#8220;Troppi ragazzi di colore. Pure nella finale del <a href=\"http:\/\/www.viareggiocup.com\">torneo di Viareggio<\/a>&#8220;. Un&#8217;affermazione infelice, perch\u00e9 priva di quella sensibilit\u00e0 che oggi percorre il nostro paese, suscettibile come non mai ai temi riguardanti il razzismo, l&#8217;immigrazione (di qualunque tipo), la mancanza di possibilit\u00e0 e lavoro per i nostri giovani.\u00a0Un&#8217;accusa, quella di razzismo, che Sacchi smentisce categoricamente: \u00ab<span style=\"color: #222222;\">Allora, ho 68 anni non sono mai stato razzista e non lo sar\u00f2 mai. Non fa parte del mio modo di essere e della mia mentalit\u00e0. Si conosce la mia storia professionale e si sa che ho allenato Ruud Gullit e Frank Rijkaard, grandi giocatori di colore, con i quali mi lega una forte amicizia. Sono convinto che uno dei problemi del nostro calcio siano i troppi stranieri, circa 1.300, cio\u00e8 il 53% del totale. Storicamente, Tutte le volte che c\u2019\u00e8 stata un\u2019invasione di giocatori di altri Paesi, la Nazionale e i club sono andati male\u00bb.\u00a0<\/span><\/p>\n<p><a href=\"http:\/\/www.palledicuoio.com\/wordpress\/wp-content\/uploads\/2015\/02\/1304007-24137101.jpg\"><img loading=\"lazy\" class=\"aligncenter size-content wp-image-12928\" src=\"http:\/\/www.palledicuoio.com\/wordpress\/wp-content\/uploads\/2015\/02\/1304007-24137101-620x264.jpg\" alt=\"1304007-24137101\" width=\"620\" height=\"264\" \/><\/a><\/p>\n<p>Un tiro corretto per salvarsi in corner? Pi\u00f9 che altro una precisazione necessaria per smorzare le fiamme divampate con grande rapidit\u00e0. \u00c8 vero, Arrigo ha voluto solo mettere in guardia il movimento da una tendenza che ha fatto male in passato e farebbe male in futuro al nostro calcio. Ma lo ha fatto attraverso modalit\u00e0 degne del peggior <a href=\"http:\/\/it.wikipedia.org\/wiki\/Mario_Borghezio\">Borghezio<\/a>, con una punta di malignit\u00e0 facile da rigirare per un giornalista smaliziato. Difficile escludere il mondo del pallone da una globalizzazione cos\u00ec forte che ormai comprende ogni settore della societ\u00e0. Compreso lo sport.<\/p>\n<p>\u00abNon parler\u00f2 pi\u00f9 con i giornalisti\u00bb tuonava oggi l&#8217;Arrigo nazionale. Non una cattiva idea, soprattutto quando le parole non sono state pesate e sono facili bersagli di interpretazioni corrotte. Arrighe, non te la prendere. Ma la prossima volta meglio usare un po&#8217; pi\u00f9 d&#8217;umilt\u00e8 (o di cervello).<\/p>\n","protected":false},"excerpt":{"rendered":"<p>Ci vuole pi\u00f9 umilt\u00e8! Chi non si ricorda di &#8220;Arrighe&#8221;, la parodia di Maurizio Crozza costruita su Arrigo Sacchi? Uno&nbsp;[&hellip;]<\/p>\n","protected":false},"author":3,"featured_media":12927,"comment_status":"open","ping_status":"closed","sticky":false,"template":"","format":"standard","meta":[],"categories":[5],"tags":[],"jetpack_featured_media_url":"http:\/\/www.palledicuoio.com\/wordpress\/wp-content\/uploads\/2015\/02\/hqdefault.jpg","yoast_head":"<!-- This site is optimized with the Yoast SEO plugin v15.0 - https:\/\/yoast.com\/wordpress\/plugins\/seo\/ -->\n<title>Arrigo Sacchi: \u00abNon sono razzista e non parler\u00f2 pi\u00f9 con i giornalisti\u00bb<\/title>\n<meta name=\"description\" content=\"Arrigo Sacchi: \u00abNon sono razzista e non parler\u00f2 pi\u00f9 con i giornalisti\u00bb\" \/>\n<meta name=\"robots\" content=\"index, follow, max-snippet:-1, max-image-preview:large, max-video-preview:-1\" \/>\n<link rel=\"canonical\" href=\"http:\/\/www.palledicuoio.com\/wordpress\/arrigo-sacchi-non-sono-razzista-e-non-parlero-piu-con-giornalisti\/\" \/>\n<meta property=\"og:locale\" content=\"it_IT\" \/>\n<meta property=\"og:type\" content=\"article\" \/>\n<meta property=\"og:title\" content=\"Arrigo Sacchi: \u00abNon sono razzista e non parler\u00f2 pi\u00f9 con i giornalisti\u00bb\" \/>\n<meta property=\"og:description\" content=\"Arrigo Sacchi: \u00abNon sono razzista e non parler\u00f2 pi\u00f9 con i giornalisti\u00bb\" \/>\n<meta property=\"og:url\" content=\"http:\/\/www.palledicuoio.com\/wordpress\/arrigo-sacchi-non-sono-razzista-e-non-parlero-piu-con-giornalisti\/\" \/>\n<meta property=\"og:site_name\" content=\"Palle di cuoio\" \/>\n<meta property=\"article:publisher\" content=\"http:\/\/www.facebook.com\/palledicuoio\" \/>\n<meta property=\"article:published_time\" content=\"2015-02-18T10:46:36+00:00\" \/>\n<meta property=\"og:image\" content=\"http:\/\/www.palledicuoio.com\/wordpress\/wp-content\/uploads\/2015\/02\/hqdefault.jpg\" \/>\n\t<meta property=\"og:image:width\" content=\"480\" \/>\n\t<meta property=\"og:image:height\" content=\"360\" \/>\n<meta name=\"twitter:card\" content=\"summary\" \/>\n<meta name=\"twitter:creator\" content=\"@Palledicuoio\" \/>\n<meta name=\"twitter:site\" content=\"@Palledicuoio\" \/>\n<script type=\"application\/ld+json\" class=\"yoast-schema-graph\">{\"@context\":\"https:\/\/schema.org\",\"@graph\":[{\"@type\":\"WebSite\",\"@id\":\"http:\/\/www.palledicuoio.com\/wordpress\/#website\",\"url\":\"http:\/\/www.palledicuoio.com\/wordpress\/\",\"name\":\"Palle di cuoio\",\"description\":\"Un format demenzial-sportivo\",\"potentialAction\":[{\"@type\":\"SearchAction\",\"target\":\"http:\/\/www.palledicuoio.com\/wordpress\/?s={search_term_string}\",\"query-input\":\"required name=search_term_string\"}],\"inLanguage\":\"it-IT\"},{\"@type\":\"ImageObject\",\"@id\":\"http:\/\/www.palledicuoio.com\/wordpress\/arrigo-sacchi-non-sono-razzista-e-non-parlero-piu-con-giornalisti\/#primaryimage\",\"inLanguage\":\"it-IT\",\"url\":\"http:\/\/www.palledicuoio.com\/wordpress\/wp-content\/uploads\/2015\/02\/hqdefault.jpg\",\"width\":480,\"height\":360},{\"@type\":\"WebPage\",\"@id\":\"http:\/\/www.palledicuoio.com\/wordpress\/arrigo-sacchi-non-sono-razzista-e-non-parlero-piu-con-giornalisti\/#webpage\",\"url\":\"http:\/\/www.palledicuoio.com\/wordpress\/arrigo-sacchi-non-sono-razzista-e-non-parlero-piu-con-giornalisti\/\",\"name\":\"Arrigo Sacchi: \\u00abNon sono razzista e non parler\\u00f2 pi\\u00f9 con i giornalisti\\u00bb\",\"isPartOf\":{\"@id\":\"http:\/\/www.palledicuoio.com\/wordpress\/#website\"},\"primaryImageOfPage\":{\"@id\":\"http:\/\/www.palledicuoio.com\/wordpress\/arrigo-sacchi-non-sono-razzista-e-non-parlero-piu-con-giornalisti\/#primaryimage\"},\"datePublished\":\"2015-02-18T10:46:36+00:00\",\"dateModified\":\"2015-02-18T10:46:36+00:00\",\"author\":{\"@id\":\"http:\/\/www.palledicuoio.com\/wordpress\/#\/schema\/person\/5d8faacc72c7110624daa6e8938abb5e\"},\"description\":\"Arrigo Sacchi: \\u00abNon sono razzista e non parler\\u00f2 pi\\u00f9 con i giornalisti\\u00bb\",\"inLanguage\":\"it-IT\",\"potentialAction\":[{\"@type\":\"ReadAction\",\"target\":[\"http:\/\/www.palledicuoio.com\/wordpress\/arrigo-sacchi-non-sono-razzista-e-non-parlero-piu-con-giornalisti\/\"]}]},{\"@type\":\"Person\",\"@id\":\"http:\/\/www.palledicuoio.com\/wordpress\/#\/schema\/person\/5d8faacc72c7110624daa6e8938abb5e\",\"name\":\"Gavino\",\"image\":{\"@type\":\"ImageObject\",\"@id\":\"http:\/\/www.palledicuoio.com\/wordpress\/#personlogo\",\"inLanguage\":\"it-IT\",\"url\":\"http:\/\/0.gravatar.com\/avatar\/6ddc0a744c962adce47cff51821cca84?s=96&d=retro&r=g\",\"caption\":\"Gavino\"}}]}<\/script>\n<!-- \/ Yoast SEO plugin. -->","_links":{"self":[{"href":"http:\/\/www.palledicuoio.com\/wordpress\/wp-json\/wp\/v2\/posts\/12926"}],"collection":[{"href":"http:\/\/www.palledicuoio.com\/wordpress\/wp-json\/wp\/v2\/posts"}],"about":[{"href":"http:\/\/www.palledicuoio.com\/wordpress\/wp-json\/wp\/v2\/types\/post"}],"author":[{"embeddable":true,"href":"http:\/\/www.palledicuoio.com\/wordpress\/wp-json\/wp\/v2\/users\/3"}],"replies":[{"embeddable":true,"href":"http:\/\/www.palledicuoio.com\/wordpress\/wp-json\/wp\/v2\/comments?post=12926"}],"version-history":[{"count":1,"href":"http:\/\/www.palledicuoio.com\/wordpress\/wp-json\/wp\/v2\/posts\/12926\/revisions"}],"predecessor-version":[{"id":12929,"href":"http:\/\/www.palledicuoio.com\/wordpress\/wp-json\/wp\/v2\/posts\/12926\/revisions\/12929"}],"wp:featuredmedia":[{"embeddable":true,"href":"http:\/\/www.palledicuoio.com\/wordpress\/wp-json\/wp\/v2\/media\/12927"}],"wp:attachment":[{"href":"http:\/\/www.palledicuoio.com\/wordpress\/wp-json\/wp\/v2\/media?parent=12926"}],"wp:term":[{"taxonomy":"category","embeddable":true,"href":"http:\/\/www.palledicuoio.com\/wordpress\/wp-json\/wp\/v2\/categories?post=12926"},{"taxonomy":"post_tag","embeddable":true,"href":"http:\/\/www.palledicuoio.com\/wordpress\/wp-json\/wp\/v2\/tags?post=12926"}],"curies":[{"name":"wp","href":"https:\/\/api.w.org\/{rel}","templated":true}]}}