{"id":13492,"date":"2015-05-23T22:59:19","date_gmt":"2015-05-23T20:59:19","guid":{"rendered":"http:\/\/www.palledicuoio.com\/wordpress\/?p=13492"},"modified":"2019-01-03T18:57:47","modified_gmt":"2019-01-03T17:57:47","slug":"cantu-reyer-serie-playoff-riaperta","status":"publish","type":"post","link":"http:\/\/www.palledicuoio.com\/wordpress\/cantu-reyer-serie-playoff-riaperta\/","title":{"rendered":"Cant\u00f9-Reyer: serie playoff riaperta."},"content":{"rendered":"<p style=\"text-align: justify;\">Cant\u00f9-Venezia \u00e8 una signora partita. La Reyer punta alla finale il prima possibile, l&#8217;Acquavitasnella deve tentare il tutto e per tutto per riuscire a rientrare in corsa.<\/p>\n<p style=\"text-align: justify;\">Al Pianella il fattore campo sembra determinante fin dai primi istanti: Venezia nel primo quarto rimane a cambiarsi negli spogliatoi e Cant\u00f9 fa quello che vuole, con Shermadini e World Peace illegali, un Johnsono-Odom in versione ruspa e massimi di vantaggio imbarazzanti (per i lagunari). La partita sembra prendere una piega ben precisa, ma il basket &#8211; si sa &#8211; riserva sorprese.<\/p>\n<p style=\"text-align: justify;\">Nel secondo quarto la partita \u00e8 pi\u00f9 equilibrata, Ress e Goss svegliano finalmente gli orogranata ed \u00e8 proprio l&#8217;americano a chiudere il tempo con un capolavoro da tre punti, ma Cant\u00f9 non soffre mai per davvero e sfrutta i numerosi (troppi) errori di Venezia, che rimane a distanza di sicurezza.<\/p>\n<p style=\"text-align: justify;\">Il terzo \u00e8 quarto \u00e8 di stampo veneziano: la Reyer si porta sul -2 e potrebbe fare di pi\u00f9, ma sbaglia sempre troppo, sia dalla lunetta che dal campo. Ci provano costantemente da tre, gli orogranata, ma troppo spesso prendono il cerchio. Nel finale Peric e Bove danno spettacolo, e in generale sembra che Venezia possa farcela ma&#8230;<\/p>\n<p style=\"text-align: justify;\">&#8230;ma nell&#8217;ultimo quarto i lombardi partono forte e riescono a ristabilire il +13 di vantaggio, riuscendo cos\u00ec a gestire la gara in maniera abbastanza tranquilla. Finisce 90-80 e serie playoff riaperta, nuovo match ball Venezia in gara-4.<\/p>\n","protected":false},"excerpt":{"rendered":"<p>Cant\u00f9-Venezia \u00e8 una signora partita. La Reyer punta alla finale il prima possibile, l&#8217;Acquavitasnella deve tentare il tutto e per&nbsp;[&hellip;]<\/p>\n","protected":false},"author":2,"featured_media":13493,"comment_status":"open","ping_status":"closed","sticky":false,"template":"","format":"standard","meta":[],"categories":[8],"tags":[2131],"jetpack_featured_media_url":"http:\/\/www.palledicuoio.com\/wordpress\/wp-content\/uploads\/2015\/05\/cant\u00f9-reyer.jpg","yoast_head":"<!-- This site is optimized with the Yoast SEO plugin v15.0 - https:\/\/yoast.com\/wordpress\/plugins\/seo\/ -->\n<title>Cant\u00f9-Reyer: serie playoff riaperta. - Palle di cuoio<\/title>\n<meta name=\"description\" content=\"Il quarto di finale Cant\u00f9-Reyer finisce 90-80 e riapre la serie playoff che aveva visto Venezia finora in vantaggio per due partite a zero.\" \/>\n<meta name=\"robots\" content=\"index, follow, max-snippet:-1, max-image-preview:large, max-video-preview:-1\" \/>\n<link rel=\"canonical\" href=\"http:\/\/www.palledicuoio.com\/wordpress\/cantu-reyer-serie-playoff-riaperta\/\" \/>\n<meta property=\"og:locale\" content=\"it_IT\" \/>\n<meta property=\"og:type\" content=\"article\" \/>\n<meta property=\"og:title\" content=\"Cant\u00f9-Reyer: serie playoff riaperta. - Palle di cuoio\" \/>\n<meta property=\"og:description\" content=\"Il quarto di finale Cant\u00f9-Reyer finisce 90-80 e riapre la serie playoff che aveva visto Venezia finora in vantaggio per due partite a zero.\" \/>\n<meta property=\"og:url\" content=\"http:\/\/www.palledicuoio.com\/wordpress\/cantu-reyer-serie-playoff-riaperta\/\" \/>\n<meta property=\"og:site_name\" content=\"Palle di cuoio\" \/>\n<meta property=\"article:publisher\" content=\"http:\/\/www.facebook.com\/palledicuoio\" \/>\n<meta property=\"article:published_time\" content=\"2015-05-23T20:59:19+00:00\" \/>\n<meta property=\"article:modified_time\" content=\"2019-01-03T17:57:47+00:00\" \/>\n<meta property=\"og:image\" content=\"http:\/\/www.palledicuoio.com\/wordpress\/wp-content\/uploads\/2015\/05\/cant\u00f9-reyer.jpg\" \/>\n\t<meta property=\"og:image:width\" content=\"3766\" \/>\n\t<meta property=\"og:image:height\" content=\"2533\" \/>\n<meta name=\"twitter:card\" content=\"summary\" \/>\n<meta name=\"twitter:creator\" content=\"@Palledicuoio\" \/>\n<meta name=\"twitter:site\" content=\"@Palledicuoio\" \/>\n<script type=\"application\/ld+json\" class=\"yoast-schema-graph\">{\"@context\":\"https:\/\/schema.org\",\"@graph\":[{\"@type\":\"WebSite\",\"@id\":\"http:\/\/www.palledicuoio.com\/wordpress\/#website\",\"url\":\"http:\/\/www.palledicuoio.com\/wordpress\/\",\"name\":\"Palle di cuoio\",\"description\":\"Un format demenzial-sportivo\",\"potentialAction\":[{\"@type\":\"SearchAction\",\"target\":\"http:\/\/www.palledicuoio.com\/wordpress\/?s={search_term_string}\",\"query-input\":\"required name=search_term_string\"}],\"inLanguage\":\"it-IT\"},{\"@type\":\"ImageObject\",\"@id\":\"http:\/\/www.palledicuoio.com\/wordpress\/cantu-reyer-serie-playoff-riaperta\/#primaryimage\",\"inLanguage\":\"it-IT\",\"url\":\"http:\/\/www.palledicuoio.com\/wordpress\/wp-content\/uploads\/2015\/05\/cant\\u00f9-reyer.jpg\",\"width\":3766,\"height\":2533},{\"@type\":\"WebPage\",\"@id\":\"http:\/\/www.palledicuoio.com\/wordpress\/cantu-reyer-serie-playoff-riaperta\/#webpage\",\"url\":\"http:\/\/www.palledicuoio.com\/wordpress\/cantu-reyer-serie-playoff-riaperta\/\",\"name\":\"Cant\\u00f9-Reyer: serie playoff riaperta. - Palle di cuoio\",\"isPartOf\":{\"@id\":\"http:\/\/www.palledicuoio.com\/wordpress\/#website\"},\"primaryImageOfPage\":{\"@id\":\"http:\/\/www.palledicuoio.com\/wordpress\/cantu-reyer-serie-playoff-riaperta\/#primaryimage\"},\"datePublished\":\"2015-05-23T20:59:19+00:00\",\"dateModified\":\"2019-01-03T17:57:47+00:00\",\"author\":{\"@id\":\"http:\/\/www.palledicuoio.com\/wordpress\/#\/schema\/person\/21c689ac8081734ad3507edc102c5f7f\"},\"description\":\"Il quarto di finale Cant\\u00f9-Reyer finisce 90-80 e riapre la serie playoff che aveva visto Venezia finora in vantaggio per due partite a zero.\",\"inLanguage\":\"it-IT\",\"potentialAction\":[{\"@type\":\"ReadAction\",\"target\":[\"http:\/\/www.palledicuoio.com\/wordpress\/cantu-reyer-serie-playoff-riaperta\/\"]}]},{\"@type\":\"Person\",\"@id\":\"http:\/\/www.palledicuoio.com\/wordpress\/#\/schema\/person\/21c689ac8081734ad3507edc102c5f7f\",\"name\":\"Bepi\",\"image\":{\"@type\":\"ImageObject\",\"@id\":\"http:\/\/www.palledicuoio.com\/wordpress\/#personlogo\",\"inLanguage\":\"it-IT\",\"url\":\"http:\/\/0.gravatar.com\/avatar\/366096af66eff93e2332f7726a1ac247?s=96&d=retro&r=g\",\"caption\":\"Bepi\"}}]}<\/script>\n<!-- \/ Yoast SEO plugin. -->","_links":{"self":[{"href":"http:\/\/www.palledicuoio.com\/wordpress\/wp-json\/wp\/v2\/posts\/13492"}],"collection":[{"href":"http:\/\/www.palledicuoio.com\/wordpress\/wp-json\/wp\/v2\/posts"}],"about":[{"href":"http:\/\/www.palledicuoio.com\/wordpress\/wp-json\/wp\/v2\/types\/post"}],"author":[{"embeddable":true,"href":"http:\/\/www.palledicuoio.com\/wordpress\/wp-json\/wp\/v2\/users\/2"}],"replies":[{"embeddable":true,"href":"http:\/\/www.palledicuoio.com\/wordpress\/wp-json\/wp\/v2\/comments?post=13492"}],"version-history":[{"count":1,"href":"http:\/\/www.palledicuoio.com\/wordpress\/wp-json\/wp\/v2\/posts\/13492\/revisions"}],"predecessor-version":[{"id":13494,"href":"http:\/\/www.palledicuoio.com\/wordpress\/wp-json\/wp\/v2\/posts\/13492\/revisions\/13494"}],"wp:featuredmedia":[{"embeddable":true,"href":"http:\/\/www.palledicuoio.com\/wordpress\/wp-json\/wp\/v2\/media\/13493"}],"wp:attachment":[{"href":"http:\/\/www.palledicuoio.com\/wordpress\/wp-json\/wp\/v2\/media?parent=13492"}],"wp:term":[{"taxonomy":"category","embeddable":true,"href":"http:\/\/www.palledicuoio.com\/wordpress\/wp-json\/wp\/v2\/categories?post=13492"},{"taxonomy":"post_tag","embeddable":true,"href":"http:\/\/www.palledicuoio.com\/wordpress\/wp-json\/wp\/v2\/tags?post=13492"}],"curies":[{"name":"wp","href":"https:\/\/api.w.org\/{rel}","templated":true}]}}