{"id":13723,"date":"2015-06-28T19:35:51","date_gmt":"2015-06-28T17:35:51","guid":{"rendered":"http:\/\/www.palledicuoio.com\/wordpress\/?p=13723"},"modified":"2019-01-03T18:57:47","modified_gmt":"2019-01-03T17:57:47","slug":"sette-considerazioni-sulla-vittoria-di-sassari-e-sulla-non-sconfitta-di-reggio-emilia","status":"publish","type":"post","link":"http:\/\/www.palledicuoio.com\/wordpress\/sette-considerazioni-sulla-vittoria-di-sassari-e-sulla-non-sconfitta-di-reggio-emilia\/","title":{"rendered":"Sette considerazioni sulla vittoria di Sassari e sulla non-sconfitta di Reggio Emilia"},"content":{"rendered":"<p style=\"text-align: justify;\">Ci ricorderemo a lungo di questa finale scudetto. Se la ricorderanno a lungo\u00a0<a href=\"http:\/\/www.dinamobasket.com\">i tifosi sardi<\/a> ma, siamo sicuri, se la ricorderanno anche <a href=\"http:\/\/www.pallacanestroreggiana.it\/home\">i tifosi reggiani<\/a>. E non per forza in maniera negativa. \u00c8 stato uno spettacolo vero. Di sportivit\u00e0, di basket, di canestri, di errori, di emozioni. Fino all&#8217;ultimo possesso. Quattro a tre in una serie che dire combattuta \u00e8 poco. Un vero eufemismo.<\/p>\n<p style=\"text-align: justify;\">E ci sono cose, di questa finale, che rimarranno scolpite a fuoco nella storia e che qui vogliamo mettere nero su bianco:<\/p>\n<p>1) Una finale trasmessa su Raitre in prima serata. Dite quello che volete. Uno spot meraviglioso per uno sport spesso e volentieri dimenticato. Sperando che non resti una mosca bianca.<\/p>\n<p><img loading=\"lazy\" class=\" size-full wp-image-13725 alignright\" src=\"http:\/\/www.palledicuoio.com\/wordpress\/wp-content\/uploads\/2015\/06\/34034596_basket-gara-reggio-71-67-su-sassari-un-passo-dallo-scudetto-0.jpg\" alt=\"34034596_basket-gara-reggio-71-67-su-sassari-un-passo-dallo-scudetto-0\" width=\"357\" height=\"200\" srcset=\"http:\/\/www.palledicuoio.com\/wordpress\/wp-content\/uploads\/2015\/06\/34034596_basket-gara-reggio-71-67-su-sassari-un-passo-dallo-scudetto-0.jpg 357w, http:\/\/www.palledicuoio.com\/wordpress\/wp-content\/uploads\/2015\/06\/34034596_basket-gara-reggio-71-67-su-sassari-un-passo-dallo-scudetto-0-300x168.jpg 300w\" sizes=\"(max-width: 357px) 100vw, 357px\" \/>2) Tutti gli italiani meravigliosi di Reggio (e lo dico da sardo e tifoso della Dinamo). Della Valle, Polonara, Cinciarini, Cervi e tutti gli altri. Una squadra che punta sull&#8217;italianit\u00e0 merita sempre un applauso supplementare.<\/p>\n<p>3) Il presidente di Sassari, Stefano Sardara. Aiuta i suoi ragazzi nel riscaldamento, se li coccola prima e dopo la partita, si siede accanto alla panchina, senza disturbare, durante il match, li difende in conferenza stampa. Quando si dice essere il tifoso numero uno della propria creatura.<\/p>\n<p>4) L&#8217;entusiasmo dei tifosi. Due palazzetti sempre pieni. Pelle d&#8217;oca. Una meraviglia.<\/p>\n<p>5) I canestri da otto metri. Le schiacciate sulla sirena. Le giocate difensive. Le palle rubate. Anche le giocate brutte sono sembrate figlie di uno spettacolo perfetto.<\/p>\n<p>6) Il tifoso di Reggio Emilia che ha messo le mani in faccia a Sosa. Ce lo ricorderemo per tornare a dirgli che una pecora nera in mezzo a tanti veri tifosi non fa notizia.<\/p>\n<p>7) Capitan Vanuzzo. Dopo una vita a lottare in Sardegna per lui un sogno che vale doppio. A volte la fedelt\u00e0 alla maglia vale molto di pi\u00f9 di ogni altra cosa.<\/p>\n<p><a href=\"http:\/\/www.palledicuoio.com\/wordpress\/wp-content\/uploads\/2015\/06\/sassari-scudetto-660x350.jpg\"><img loading=\"lazy\" class=\"aligncenter size-full wp-image-13724\" src=\"http:\/\/www.palledicuoio.com\/wordpress\/wp-content\/uploads\/2015\/06\/sassari-scudetto-660x350.jpg\" alt=\"sassari-scudetto-660x350\" width=\"660\" height=\"350\" srcset=\"http:\/\/www.palledicuoio.com\/wordpress\/wp-content\/uploads\/2015\/06\/sassari-scudetto-660x350.jpg 660w, http:\/\/www.palledicuoio.com\/wordpress\/wp-content\/uploads\/2015\/06\/sassari-scudetto-660x350-300x159.jpg 300w\" sizes=\"(max-width: 660px) 100vw, 660px\" \/><\/a><\/p>\n<p>Insomma. La gioia, almeno per il sottoscritto che tifa Sassari dai tempi di Rotondo, \u00e8 infinita. Ma lo sarebbe stato anche nel caso avesse vinto Reggio Emilia. Con un pizzico di rammarico in pi\u00f9 certo, ma consapevole di aver visto qualcosa che nello sport di oggi \u00e8 pi\u00f9 unico che raro.<\/p>\n","protected":false},"excerpt":{"rendered":"<p>Ci ricorderemo a lungo di questa finale scudetto. Se la ricorderanno a lungo\u00a0i tifosi sardi ma, siamo sicuri, se la&nbsp;[&hellip;]<\/p>\n","protected":false},"author":3,"featured_media":13728,"comment_status":"open","ping_status":"closed","sticky":false,"template":"","format":"standard","meta":[],"categories":[8],"tags":[2131],"jetpack_featured_media_url":"http:\/\/www.palledicuoio.com\/wordpress\/wp-content\/uploads\/2015\/06\/13068_650_320_dy_La_Dinamo_Sassari_allontana_lo_scudetto_Reggio_Emilia_va_sul_2-0.jpg","yoast_head":"<!-- This site is optimized with the Yoast SEO plugin v15.0 - https:\/\/yoast.com\/wordpress\/plugins\/seo\/ -->\n<title>7 considerazioni sulla finale tra Sassari e Reggio Emilia<\/title>\n<meta name=\"description\" content=\"Sette considerazioni sulla vittoria di Sassari e sulla non-sconfitta di Reggio Emilia\" \/>\n<meta name=\"robots\" content=\"index, follow, max-snippet:-1, max-image-preview:large, max-video-preview:-1\" \/>\n<link rel=\"canonical\" href=\"http:\/\/www.palledicuoio.com\/wordpress\/sette-considerazioni-sulla-vittoria-di-sassari-e-sulla-non-sconfitta-di-reggio-emilia\/\" \/>\n<meta property=\"og:locale\" content=\"it_IT\" \/>\n<meta property=\"og:type\" content=\"article\" \/>\n<meta property=\"og:title\" content=\"Sette considerazioni sulla vittoria di Sassari e sulla non-sconfitta di Reggio Emilia\" \/>\n<meta property=\"og:description\" content=\"Sette considerazioni sulla vittoria di Sassari e sulla non-sconfitta di Reggio Emilia\" \/>\n<meta property=\"og:url\" content=\"http:\/\/www.palledicuoio.com\/wordpress\/sette-considerazioni-sulla-vittoria-di-sassari-e-sulla-non-sconfitta-di-reggio-emilia\/\" \/>\n<meta property=\"og:site_name\" content=\"Palle di cuoio\" \/>\n<meta property=\"article:publisher\" content=\"http:\/\/www.facebook.com\/palledicuoio\" \/>\n<meta property=\"article:published_time\" content=\"2015-06-28T17:35:51+00:00\" \/>\n<meta property=\"article:modified_time\" content=\"2019-01-03T17:57:47+00:00\" \/>\n<meta property=\"og:image\" content=\"http:\/\/www.palledicuoio.com\/wordpress\/wp-content\/uploads\/2015\/06\/13068_650_320_dy_La_Dinamo_Sassari_allontana_lo_scudetto_Reggio_Emilia_va_sul_2-0.jpg\" \/>\n\t<meta property=\"og:image:width\" content=\"650\" \/>\n\t<meta property=\"og:image:height\" content=\"386\" \/>\n<meta name=\"twitter:card\" content=\"summary\" \/>\n<meta name=\"twitter:creator\" content=\"@Palledicuoio\" \/>\n<meta name=\"twitter:site\" content=\"@Palledicuoio\" \/>\n<script type=\"application\/ld+json\" class=\"yoast-schema-graph\">{\"@context\":\"https:\/\/schema.org\",\"@graph\":[{\"@type\":\"WebSite\",\"@id\":\"http:\/\/www.palledicuoio.com\/wordpress\/#website\",\"url\":\"http:\/\/www.palledicuoio.com\/wordpress\/\",\"name\":\"Palle di cuoio\",\"description\":\"Un format demenzial-sportivo\",\"potentialAction\":[{\"@type\":\"SearchAction\",\"target\":\"http:\/\/www.palledicuoio.com\/wordpress\/?s={search_term_string}\",\"query-input\":\"required name=search_term_string\"}],\"inLanguage\":\"it-IT\"},{\"@type\":\"ImageObject\",\"@id\":\"http:\/\/www.palledicuoio.com\/wordpress\/sette-considerazioni-sulla-vittoria-di-sassari-e-sulla-non-sconfitta-di-reggio-emilia\/#primaryimage\",\"inLanguage\":\"it-IT\",\"url\":\"http:\/\/www.palledicuoio.com\/wordpress\/wp-content\/uploads\/2015\/06\/13068_650_320_dy_La_Dinamo_Sassari_allontana_lo_scudetto_Reggio_Emilia_va_sul_2-0.jpg\",\"width\":650,\"height\":386},{\"@type\":\"WebPage\",\"@id\":\"http:\/\/www.palledicuoio.com\/wordpress\/sette-considerazioni-sulla-vittoria-di-sassari-e-sulla-non-sconfitta-di-reggio-emilia\/#webpage\",\"url\":\"http:\/\/www.palledicuoio.com\/wordpress\/sette-considerazioni-sulla-vittoria-di-sassari-e-sulla-non-sconfitta-di-reggio-emilia\/\",\"name\":\"7 considerazioni sulla finale tra Sassari e Reggio Emilia\",\"isPartOf\":{\"@id\":\"http:\/\/www.palledicuoio.com\/wordpress\/#website\"},\"primaryImageOfPage\":{\"@id\":\"http:\/\/www.palledicuoio.com\/wordpress\/sette-considerazioni-sulla-vittoria-di-sassari-e-sulla-non-sconfitta-di-reggio-emilia\/#primaryimage\"},\"datePublished\":\"2015-06-28T17:35:51+00:00\",\"dateModified\":\"2019-01-03T17:57:47+00:00\",\"author\":{\"@id\":\"http:\/\/www.palledicuoio.com\/wordpress\/#\/schema\/person\/5d8faacc72c7110624daa6e8938abb5e\"},\"description\":\"Sette considerazioni sulla vittoria di Sassari e sulla non-sconfitta di Reggio Emilia\",\"inLanguage\":\"it-IT\",\"potentialAction\":[{\"@type\":\"ReadAction\",\"target\":[\"http:\/\/www.palledicuoio.com\/wordpress\/sette-considerazioni-sulla-vittoria-di-sassari-e-sulla-non-sconfitta-di-reggio-emilia\/\"]}]},{\"@type\":\"Person\",\"@id\":\"http:\/\/www.palledicuoio.com\/wordpress\/#\/schema\/person\/5d8faacc72c7110624daa6e8938abb5e\",\"name\":\"Gavino\",\"image\":{\"@type\":\"ImageObject\",\"@id\":\"http:\/\/www.palledicuoio.com\/wordpress\/#personlogo\",\"inLanguage\":\"it-IT\",\"url\":\"http:\/\/0.gravatar.com\/avatar\/6ddc0a744c962adce47cff51821cca84?s=96&d=retro&r=g\",\"caption\":\"Gavino\"}}]}<\/script>\n<!-- \/ Yoast SEO plugin. -->","_links":{"self":[{"href":"http:\/\/www.palledicuoio.com\/wordpress\/wp-json\/wp\/v2\/posts\/13723"}],"collection":[{"href":"http:\/\/www.palledicuoio.com\/wordpress\/wp-json\/wp\/v2\/posts"}],"about":[{"href":"http:\/\/www.palledicuoio.com\/wordpress\/wp-json\/wp\/v2\/types\/post"}],"author":[{"embeddable":true,"href":"http:\/\/www.palledicuoio.com\/wordpress\/wp-json\/wp\/v2\/users\/3"}],"replies":[{"embeddable":true,"href":"http:\/\/www.palledicuoio.com\/wordpress\/wp-json\/wp\/v2\/comments?post=13723"}],"version-history":[{"count":2,"href":"http:\/\/www.palledicuoio.com\/wordpress\/wp-json\/wp\/v2\/posts\/13723\/revisions"}],"predecessor-version":[{"id":13727,"href":"http:\/\/www.palledicuoio.com\/wordpress\/wp-json\/wp\/v2\/posts\/13723\/revisions\/13727"}],"wp:featuredmedia":[{"embeddable":true,"href":"http:\/\/www.palledicuoio.com\/wordpress\/wp-json\/wp\/v2\/media\/13728"}],"wp:attachment":[{"href":"http:\/\/www.palledicuoio.com\/wordpress\/wp-json\/wp\/v2\/media?parent=13723"}],"wp:term":[{"taxonomy":"category","embeddable":true,"href":"http:\/\/www.palledicuoio.com\/wordpress\/wp-json\/wp\/v2\/categories?post=13723"},{"taxonomy":"post_tag","embeddable":true,"href":"http:\/\/www.palledicuoio.com\/wordpress\/wp-json\/wp\/v2\/tags?post=13723"}],"curies":[{"name":"wp","href":"https:\/\/api.w.org\/{rel}","templated":true}]}}