{"id":1384,"date":"2012-09-08T22:39:59","date_gmt":"2012-09-08T20:39:59","guid":{"rendered":"http:\/\/www.palledicuoio.com\/wordpress\/?p=1384"},"modified":"2012-09-09T12:24:32","modified_gmt":"2012-09-09T10:24:32","slug":"serie-b-troppo-verona-per-la-reggina-finisce-2-0","status":"publish","type":"post","link":"http:\/\/www.palledicuoio.com\/wordpress\/serie-b-troppo-verona-per-la-reggina-finisce-2-0\/","title":{"rendered":"Serie B: troppo Verona per la Reggina, finisce 2-0."},"content":{"rendered":"<p style=\"text-align: justify;\">La notizia di stasera, al di l\u00e0 del risultato, \u00e8 che il Verona \u00e8 una squadra che si merita la serie A. Quando le gambe e la testa ingranano, gli uomini di Mandorlini danno dimostrazione di bel calcio, un calcio moderno fatto di tanto possesso palla e scambi veloci, possibilmente di prima. Un calcio <em>\u00e0 la<\/em> Barcellona, con le dovute proporzioni s&#8217;intende.<\/p>\n<p style=\"text-align: justify;\">\u00a0<a href=\"http:\/\/www.palledicuoio.com\/wordpress\/wp-content\/uploads\/2012\/09\/andrea-mandorlini_verona-palle-di-cuoio-verona-reggina-2-1.jpg\"><img loading=\"lazy\" class=\"aligncenter size-medium wp-image-1392\" title=\"andrea mandorlini_verona palle di cuoio verona reggina 2 1\" src=\"http:\/\/www.palledicuoio.com\/wordpress\/wp-content\/uploads\/2012\/09\/andrea-mandorlini_verona-palle-di-cuoio-verona-reggina-2-1-300x187.jpg\" alt=\"\" width=\"300\" height=\"187\" srcset=\"http:\/\/www.palledicuoio.com\/wordpress\/wp-content\/uploads\/2012\/09\/andrea-mandorlini_verona-palle-di-cuoio-verona-reggina-2-1-300x187.jpg 300w, http:\/\/www.palledicuoio.com\/wordpress\/wp-content\/uploads\/2012\/09\/andrea-mandorlini_verona-palle-di-cuoio-verona-reggina-2-1-80x50.jpg 80w, http:\/\/www.palledicuoio.com\/wordpress\/wp-content\/uploads\/2012\/09\/andrea-mandorlini_verona-palle-di-cuoio-verona-reggina-2-1-598x372.jpg 598w, http:\/\/www.palledicuoio.com\/wordpress\/wp-content\/uploads\/2012\/09\/andrea-mandorlini_verona-palle-di-cuoio-verona-reggina-2-1.jpg 738w\" sizes=\"(max-width: 300px) 100vw, 300px\" \/><\/a><\/p>\n<p style=\"text-align: justify;\">Nei primi 45 minuti la Reggina si fa vedere solo con una miriade sterile di calci d&#8217;angolo e con una bellissima padellata di Barill\u00e0, che da trenta metri tenta l&#8217;eurogol di sinistro al volo: fuori non di molto. Ma l&#8217;impressione \u00e8 che i calabresi giochino solo quando i veneti si permettono di riposare: il resto del gioco \u00e8 infatti in mano al Verona, che quando vuole non fatica a imporre la propria manovra. Manovra che deve diventare pi\u00f9 cattiva, se \u00a0si vuole conquistare la massima serie, e infatti il gol arriva in maniera un po&#8217; rocambolesca (cio\u00e8 di gran culo): bella azione di Cacia che entra in area e tenta una caciotta tiro-cross respinto corto dalla difesa, prende la palla il portiere Baiocco che al tocco del pallone si spegne come un frullatore quando c&#8217;\u00e8 un calo di corrente: sul pressing di Rivas la palla finisce a Laner che comodo comodo la butta dentro a porta vuota.<\/p>\n<p style=\"text-align: justify;\">Nel secondo tempo riparte forte il Verona: Martinho illumina e Cacia si mangia gol come fossero noccioline. Su uno dei tanti filtranti in verticale lo stesso Cacia cade in area su un tocco leggero di Barill\u00e0, per l&#8217;arbitro \u00e8 rigore; per noi \u00e8 moooooooolto generoso (eufemisticamente parlando; diciamo quasi regalato). Dal dischetto Gomez non sbaglia ed \u00e8 2-0. Col risultato praticamente in tasca i gialloblu si limitano a qualche fiammata, sapendo di poter tenere la partita sotto controllo senza tanti sforzi; la Reggina ci mette anima e cuore, ma senza impensierire pi\u00f9 di tanto Rafael, che pu\u00f2 permettersi qualche pennichella.<\/p>\n<p style=\"text-align: justify;\">Gomez, Martinho (un campioncino in attesa di esplodere) e Cacia sono tanta roba per questa serie B: e poi Jorginho, Rivas, Cacciatore e tanti buoni gragari come Laner. Aspettando Bojinov e il rientro di Alfredsson&#8230; pochi cazzi, qualsiasi piazzamento inferiore al primo posto sarebbe un fallimento. Pochi i motivi che potrebbero giustificare un non-successo del Verona: un cataclisma mentale che mandasse a puttane i cervelli dei giocatori, un&#8217;uscita antiterrona di Mandorlini che lo faccia lapidare da qualche salernitano, la fine del mondo a dicembre. Altrimenti non ci sarebbero alibi.<\/p>\n<p style=\"text-align: justify;\">La Reggina di contro \u00e8 una squadra onesta che sfrutta bene i contropiedi: l&#8217;aspetta un torneo pi\u00f9 che onesto, difficilmente i playoff. Sulla carta ci sono almeno 5-6 squadre pi\u00f9 dotate (non nel senso che state pensato voi, maliziosi&#8230;), ma \u00e8 comunque una squadra giovane (interessante Fischnaller), potrebbe arrivare l&#8217;esperto (per non dire vecchiaccio) Bonazzoli, insomma nel calcio mai dire mai.<\/p>\n<p><strong>HELLAS VERONA (4-3-3):<\/strong>\u00a0Rafael; Crespo, Maietta, Moras, Martinho (86&#8242; Fatic); Laner, Cacciatore, Jorginho; Rivas (66&#8242; Grossi), Cacia (88&#8242; Bojinov), Gomez. A disp. Andrade, Albertazzi, Ceccarelli, Abbate, Fatic. All. Mandorlini.<\/p>\n<p><strong>REGGINA (3-4-3):<\/strong>\u00a0Baiocco; Adejo, Freddi, Di Bari; Melara (58&#8242; D&#8217;Alessandro), Rizzo, Barill\u00e0 (75&#8242; Hetemaj), Rizzato; Fischnaller, Ceravolo, Comi (66&#8242; Louzada). A disp. Facchin, Bergamelli, Armellino, Viola. All. Dionigi.<\/p>\n<p><strong>Arbitro<\/strong>: Massimiliano Irrati di Pistoia.<\/p>\n<p><strong>Ammoniti<\/strong>: Rizzo (R), Fischnaller (R), Barill\u00e0 (R), Laner (V)<\/p>\n","protected":false},"excerpt":{"rendered":"<p>La notizia di stasera, al di l\u00e0 del risultato, \u00e8 che il Verona \u00e8 una squadra che si merita la&nbsp;[&hellip;]<\/p>\n","protected":false},"author":2,"featured_media":1392,"comment_status":"open","ping_status":"open","sticky":false,"template":"","format":"standard","meta":[],"categories":[5],"tags":[],"jetpack_featured_media_url":"http:\/\/www.palledicuoio.com\/wordpress\/wp-content\/uploads\/2012\/09\/andrea-mandorlini_verona-palle-di-cuoio-verona-reggina-2-1.jpg","yoast_head":"<!-- This site is optimized with the Yoast SEO plugin v15.0 - https:\/\/yoast.com\/wordpress\/plugins\/seo\/ -->\n<title>Serie B: troppo Verona per la Reggina - Palle di Cuoio<\/title>\n<meta name=\"description\" content=\"Serie B: la notizia di stasera, al di l\u00e0 del risultato, \u00e8 che il Verona \u00e8 una squadra che si merita la serie A. Quando le gambe e la testa ingranano...\" \/>\n<meta name=\"robots\" content=\"index, follow, max-snippet:-1, max-image-preview:large, max-video-preview:-1\" \/>\n<link rel=\"canonical\" href=\"http:\/\/www.palledicuoio.com\/wordpress\/serie-b-troppo-verona-per-la-reggina-finisce-2-0\/\" \/>\n<meta property=\"og:locale\" content=\"it_IT\" \/>\n<meta property=\"og:type\" content=\"article\" \/>\n<meta property=\"og:title\" content=\"Serie B: troppo Verona per la Reggina - Palle di Cuoio\" \/>\n<meta property=\"og:description\" content=\"Serie B: la notizia di stasera, al di l\u00e0 del risultato, \u00e8 che il Verona \u00e8 una squadra che si merita la serie A. Quando le gambe e la testa ingranano...\" \/>\n<meta property=\"og:url\" content=\"http:\/\/www.palledicuoio.com\/wordpress\/serie-b-troppo-verona-per-la-reggina-finisce-2-0\/\" \/>\n<meta property=\"og:site_name\" content=\"Palle di cuoio\" \/>\n<meta property=\"article:publisher\" content=\"http:\/\/www.facebook.com\/palledicuoio\" \/>\n<meta property=\"article:published_time\" content=\"2012-09-08T20:39:59+00:00\" \/>\n<meta property=\"article:modified_time\" content=\"2012-09-09T10:24:32+00:00\" \/>\n<meta property=\"og:image\" content=\"http:\/\/www.palledicuoio.com\/wordpress\/wp-content\/uploads\/2012\/09\/andrea-mandorlini_verona-palle-di-cuoio-verona-reggina-2-1.jpg\" \/>\n\t<meta property=\"og:image:width\" content=\"738\" \/>\n\t<meta property=\"og:image:height\" content=\"462\" \/>\n<meta name=\"twitter:card\" content=\"summary\" \/>\n<meta name=\"twitter:creator\" content=\"@Palledicuoio\" \/>\n<meta name=\"twitter:site\" content=\"@Palledicuoio\" \/>\n<script type=\"application\/ld+json\" class=\"yoast-schema-graph\">{\"@context\":\"https:\/\/schema.org\",\"@graph\":[{\"@type\":\"WebSite\",\"@id\":\"http:\/\/www.palledicuoio.com\/wordpress\/#website\",\"url\":\"http:\/\/www.palledicuoio.com\/wordpress\/\",\"name\":\"Palle di cuoio\",\"description\":\"Un format demenzial-sportivo\",\"potentialAction\":[{\"@type\":\"SearchAction\",\"target\":\"http:\/\/www.palledicuoio.com\/wordpress\/?s={search_term_string}\",\"query-input\":\"required name=search_term_string\"}],\"inLanguage\":\"it-IT\"},{\"@type\":\"ImageObject\",\"@id\":\"http:\/\/www.palledicuoio.com\/wordpress\/serie-b-troppo-verona-per-la-reggina-finisce-2-0\/#primaryimage\",\"inLanguage\":\"it-IT\",\"url\":\"http:\/\/www.palledicuoio.com\/wordpress\/wp-content\/uploads\/2012\/09\/andrea-mandorlini_verona-palle-di-cuoio-verona-reggina-2-1.jpg\",\"width\":\"738\",\"height\":\"462\"},{\"@type\":\"WebPage\",\"@id\":\"http:\/\/www.palledicuoio.com\/wordpress\/serie-b-troppo-verona-per-la-reggina-finisce-2-0\/#webpage\",\"url\":\"http:\/\/www.palledicuoio.com\/wordpress\/serie-b-troppo-verona-per-la-reggina-finisce-2-0\/\",\"name\":\"Serie B: troppo Verona per la Reggina - Palle di Cuoio\",\"isPartOf\":{\"@id\":\"http:\/\/www.palledicuoio.com\/wordpress\/#website\"},\"primaryImageOfPage\":{\"@id\":\"http:\/\/www.palledicuoio.com\/wordpress\/serie-b-troppo-verona-per-la-reggina-finisce-2-0\/#primaryimage\"},\"datePublished\":\"2012-09-08T20:39:59+00:00\",\"dateModified\":\"2012-09-09T10:24:32+00:00\",\"author\":{\"@id\":\"http:\/\/www.palledicuoio.com\/wordpress\/#\/schema\/person\/21c689ac8081734ad3507edc102c5f7f\"},\"description\":\"Serie B: la notizia di stasera, al di l\\u00e0 del risultato, \\u00e8 che il Verona \\u00e8 una squadra che si merita la serie A. Quando le gambe e la testa ingranano...\",\"inLanguage\":\"it-IT\",\"potentialAction\":[{\"@type\":\"ReadAction\",\"target\":[\"http:\/\/www.palledicuoio.com\/wordpress\/serie-b-troppo-verona-per-la-reggina-finisce-2-0\/\"]}]},{\"@type\":\"Person\",\"@id\":\"http:\/\/www.palledicuoio.com\/wordpress\/#\/schema\/person\/21c689ac8081734ad3507edc102c5f7f\",\"name\":\"Bepi\",\"image\":{\"@type\":\"ImageObject\",\"@id\":\"http:\/\/www.palledicuoio.com\/wordpress\/#personlogo\",\"inLanguage\":\"it-IT\",\"url\":\"http:\/\/0.gravatar.com\/avatar\/366096af66eff93e2332f7726a1ac247?s=96&d=retro&r=g\",\"caption\":\"Bepi\"}}]}<\/script>\n<!-- \/ Yoast SEO plugin. -->","_links":{"self":[{"href":"http:\/\/www.palledicuoio.com\/wordpress\/wp-json\/wp\/v2\/posts\/1384"}],"collection":[{"href":"http:\/\/www.palledicuoio.com\/wordpress\/wp-json\/wp\/v2\/posts"}],"about":[{"href":"http:\/\/www.palledicuoio.com\/wordpress\/wp-json\/wp\/v2\/types\/post"}],"author":[{"embeddable":true,"href":"http:\/\/www.palledicuoio.com\/wordpress\/wp-json\/wp\/v2\/users\/2"}],"replies":[{"embeddable":true,"href":"http:\/\/www.palledicuoio.com\/wordpress\/wp-json\/wp\/v2\/comments?post=1384"}],"version-history":[{"count":5,"href":"http:\/\/www.palledicuoio.com\/wordpress\/wp-json\/wp\/v2\/posts\/1384\/revisions"}],"predecessor-version":[{"id":1437,"href":"http:\/\/www.palledicuoio.com\/wordpress\/wp-json\/wp\/v2\/posts\/1384\/revisions\/1437"}],"wp:featuredmedia":[{"embeddable":true,"href":"http:\/\/www.palledicuoio.com\/wordpress\/wp-json\/wp\/v2\/media\/1392"}],"wp:attachment":[{"href":"http:\/\/www.palledicuoio.com\/wordpress\/wp-json\/wp\/v2\/media?parent=1384"}],"wp:term":[{"taxonomy":"category","embeddable":true,"href":"http:\/\/www.palledicuoio.com\/wordpress\/wp-json\/wp\/v2\/categories?post=1384"},{"taxonomy":"post_tag","embeddable":true,"href":"http:\/\/www.palledicuoio.com\/wordpress\/wp-json\/wp\/v2\/tags?post=1384"}],"curies":[{"name":"wp","href":"https:\/\/api.w.org\/{rel}","templated":true}]}}