{"id":1398,"date":"2012-09-09T09:48:07","date_gmt":"2012-09-09T07:48:07","guid":{"rendered":"http:\/\/www.palledicuoio.com\/wordpress\/?p=1398"},"modified":"2012-09-09T12:27:56","modified_gmt":"2012-09-09T10:27:56","slug":"la-vendetta-di-prade-una-clausola-anti-juve-per-jovetic","status":"publish","type":"post","link":"http:\/\/www.palledicuoio.com\/wordpress\/la-vendetta-di-prade-una-clausola-anti-juve-per-jovetic\/","title":{"rendered":"La vendetta di Prad\u00e9, una clausola anti-Juve per Jovetic."},"content":{"rendered":"<p style=\"text-align: center;\">\u00a0<a href=\"http:\/\/www.palledicuoio.com\/wordpress\/wp-content\/uploads\/2012\/09\/96680hp2.jpeg\"><img loading=\"lazy\" class=\"alignnone size-medium wp-image-1401\" title=\"96680hp2\" src=\"http:\/\/www.palledicuoio.com\/wordpress\/wp-content\/uploads\/2012\/09\/96680hp2-300x225.jpeg\" alt=\"\" width=\"300\" height=\"225\" srcset=\"http:\/\/www.palledicuoio.com\/wordpress\/wp-content\/uploads\/2012\/09\/96680hp2-300x225.jpeg 300w, http:\/\/www.palledicuoio.com\/wordpress\/wp-content\/uploads\/2012\/09\/96680hp2.jpeg 473w\" sizes=\"(max-width: 300px) 100vw, 300px\" \/><\/a><\/p>\n<p>\u00a0Dopo l&#8217;operazione Berbatov sapevamo ci sarebbero state ripercussioni. <strong>Prad\u00e9<\/strong>\u00a0(con il suo angelico sorriso) ha chiuso, di fatto, la porta in faccia a <strong>Marotta<\/strong> provocandogli un grande mal di testa e probabilmente un fastidioso bernoccolo. La Juventus ha messo in cima alla lista dei suoi desideri l&#8217;attaccante montenegrino, considerato il vero astro nascente del calcio europeo, ma non ha fatto i conti con l&#8217;orgoglio viola. Il direttore sportivo dei bianconeri sperava di completare un tam-tam balcanico <strong>Vucinic-Jovetic<\/strong>, ma dovr\u00e0 cercare ritmi diversi per il suo attacco futuro.<\/p>\n<p>La Fiorentina sta stipulando un nuovo contratto con Jovetic sapendo perfettamente che, a meno di clamorose novit\u00e0, dovr\u00e0 lasciarlo andare via a giugno. La clausola rescissoria di circa 40 milioni non \u00e8 un ostacolo definitivo per molte societ\u00e0-corazzate del vecchio continente che se lo contenderanno a colpi d&#8217;ingaggio. Niente aste, solo cash. Bisogner\u00e0 solo convincere il giocatore.<\/p>\n<p>La Juve \u00e8 l&#8217;unica squadra italiana in grado di portarlo via da Firenze a quelle cifre ma, Prad\u00e9 e la dirigenza, hanno deciso che il prezzo per la famiglia Agnelli sar\u00e0 molto pi\u00f9 elevato. Quella clausola infatti esclude i bianconeri che dovranno trattare per il prezzo del cartellino con una societ\u00e0 ferita dall&#8217;affare Berbatov e convinta di aver subito un torto da Marotta e soci, senza ricevere uno straccio di scuse.<\/p>\n<p>Una clausola che far\u00e0 felice la fiesole e in generale la tifoseria viola, da sempre acerrima nemica di quella torinese fin dai tempi dello &#8220;scippo&#8221; di <strong>Roberto Baggio<\/strong>. Prad\u00e9 potrebbe essere entrato definitivamente nei cuori dei suoi tifosi dopo questa operazione contro la prepotenza di chi si sente pi\u00f9 forte in ambito mercantile.<\/p>\n<p><a href=\"http:\/\/www.palledicuoio.com\/wordpress\/wp-content\/uploads\/2012\/09\/jovetic2.jpeg\"><img loading=\"lazy\" class=\"alignnone size-medium wp-image-1402 aligncenter\" title=\"jovetic2\" src=\"http:\/\/www.palledicuoio.com\/wordpress\/wp-content\/uploads\/2012\/09\/jovetic2-300x213.jpeg\" alt=\"\" width=\"300\" height=\"213\" srcset=\"http:\/\/www.palledicuoio.com\/wordpress\/wp-content\/uploads\/2012\/09\/jovetic2-300x213.jpeg 300w, http:\/\/www.palledicuoio.com\/wordpress\/wp-content\/uploads\/2012\/09\/jovetic2.jpeg 400w\" sizes=\"(max-width: 300px) 100vw, 300px\" \/><\/a><\/p>\n<p>La Juve sembra ormai tagliata fuori dai giochi visto che le offerte per Jo-Jo non mancheranno e non dovranno essere accompagnate da trattative lunghe e dispendiose. Baster\u00e0 arrivare con le valigette piene di soldi con la cifra pattuita per il cartellino e convincere l&#8217;agente e il giocatore della bont\u00e0 di un progetto diverso da quello torinese. L&#8217;unica possibilit\u00e0 che resta a Marotta e quella di riuscire a far impuntare Jovetic su un suo esclusivo trasferimento a Torino, impresa difficile ma non impossibile.<\/p>\n<p>Sembra una partita a scacchi. Prad\u00e9 ha fatto la sua mossa e ora tocca di nuovo a Marotta inventarsi un modo per sottrarsi allo scacco viola, riaprendo una partita che appare ormai decisa.<\/p>\n","protected":false},"excerpt":{"rendered":"<p>\u00a0 \u00a0Dopo l&#8217;operazione Berbatov sapevamo ci sarebbero state ripercussioni. Prad\u00e9\u00a0(con il suo angelico sorriso) ha chiuso, di fatto, la porta&nbsp;[&hellip;]<\/p>\n","protected":false},"author":3,"featured_media":1412,"comment_status":"open","ping_status":"open","sticky":false,"template":"","format":"standard","meta":[],"categories":[5],"tags":[],"jetpack_featured_media_url":"http:\/\/www.palledicuoio.com\/wordpress\/wp-content\/uploads\/2012\/09\/Della-Valle.jpeg","yoast_head":"<!-- This site is optimized with the Yoast SEO plugin v15.0 - https:\/\/yoast.com\/wordpress\/plugins\/seo\/ -->\n<title>Jovetic, clausola anti-juve<\/title>\n<meta name=\"description\" content=\"La Fiorentina sta stipulando un nuovo contratto con Jovetic sapendo perfettamente che dovr\u00e0 lasciarlo andare. La clausola rescissoria \u00e8 di circa 40 milioni.\" \/>\n<meta name=\"robots\" content=\"index, follow, max-snippet:-1, max-image-preview:large, max-video-preview:-1\" \/>\n<link rel=\"canonical\" href=\"http:\/\/www.palledicuoio.com\/wordpress\/la-vendetta-di-prade-una-clausola-anti-juve-per-jovetic\/\" \/>\n<meta property=\"og:locale\" content=\"it_IT\" \/>\n<meta property=\"og:type\" content=\"article\" \/>\n<meta property=\"og:title\" content=\"Jovetic, clausola anti-juve\" \/>\n<meta property=\"og:description\" content=\"La Fiorentina sta stipulando un nuovo contratto con Jovetic sapendo perfettamente che dovr\u00e0 lasciarlo andare. La clausola rescissoria \u00e8 di circa 40 milioni.\" \/>\n<meta property=\"og:url\" content=\"http:\/\/www.palledicuoio.com\/wordpress\/la-vendetta-di-prade-una-clausola-anti-juve-per-jovetic\/\" \/>\n<meta property=\"og:site_name\" content=\"Palle di cuoio\" \/>\n<meta property=\"article:publisher\" content=\"http:\/\/www.facebook.com\/palledicuoio\" \/>\n<meta property=\"article:published_time\" content=\"2012-09-09T07:48:07+00:00\" \/>\n<meta property=\"article:modified_time\" content=\"2012-09-09T10:27:56+00:00\" \/>\n<meta property=\"og:image\" content=\"http:\/\/www.palledicuoio.com\/wordpress\/wp-content\/uploads\/2012\/09\/Della-Valle.jpeg\" \/>\n\t<meta property=\"og:image:width\" content=\"1400\" \/>\n\t<meta property=\"og:image:height\" content=\"933\" \/>\n<meta name=\"twitter:card\" content=\"summary\" \/>\n<meta name=\"twitter:creator\" content=\"@Palledicuoio\" \/>\n<meta name=\"twitter:site\" content=\"@Palledicuoio\" \/>\n<script type=\"application\/ld+json\" class=\"yoast-schema-graph\">{\"@context\":\"https:\/\/schema.org\",\"@graph\":[{\"@type\":\"WebSite\",\"@id\":\"http:\/\/www.palledicuoio.com\/wordpress\/#website\",\"url\":\"http:\/\/www.palledicuoio.com\/wordpress\/\",\"name\":\"Palle di cuoio\",\"description\":\"Un format demenzial-sportivo\",\"potentialAction\":[{\"@type\":\"SearchAction\",\"target\":\"http:\/\/www.palledicuoio.com\/wordpress\/?s={search_term_string}\",\"query-input\":\"required name=search_term_string\"}],\"inLanguage\":\"it-IT\"},{\"@type\":\"ImageObject\",\"@id\":\"http:\/\/www.palledicuoio.com\/wordpress\/la-vendetta-di-prade-una-clausola-anti-juve-per-jovetic\/#primaryimage\",\"inLanguage\":\"it-IT\",\"url\":\"http:\/\/www.palledicuoio.com\/wordpress\/wp-content\/uploads\/2012\/09\/Della-Valle.jpeg\",\"width\":\"1400\",\"height\":\"933\"},{\"@type\":\"WebPage\",\"@id\":\"http:\/\/www.palledicuoio.com\/wordpress\/la-vendetta-di-prade-una-clausola-anti-juve-per-jovetic\/#webpage\",\"url\":\"http:\/\/www.palledicuoio.com\/wordpress\/la-vendetta-di-prade-una-clausola-anti-juve-per-jovetic\/\",\"name\":\"Jovetic, clausola anti-juve\",\"isPartOf\":{\"@id\":\"http:\/\/www.palledicuoio.com\/wordpress\/#website\"},\"primaryImageOfPage\":{\"@id\":\"http:\/\/www.palledicuoio.com\/wordpress\/la-vendetta-di-prade-una-clausola-anti-juve-per-jovetic\/#primaryimage\"},\"datePublished\":\"2012-09-09T07:48:07+00:00\",\"dateModified\":\"2012-09-09T10:27:56+00:00\",\"author\":{\"@id\":\"http:\/\/www.palledicuoio.com\/wordpress\/#\/schema\/person\/5d8faacc72c7110624daa6e8938abb5e\"},\"description\":\"La Fiorentina sta stipulando un nuovo contratto con Jovetic sapendo perfettamente che dovr\\u00e0 lasciarlo andare. La clausola rescissoria \\u00e8 di circa 40 milioni.\",\"inLanguage\":\"it-IT\",\"potentialAction\":[{\"@type\":\"ReadAction\",\"target\":[\"http:\/\/www.palledicuoio.com\/wordpress\/la-vendetta-di-prade-una-clausola-anti-juve-per-jovetic\/\"]}]},{\"@type\":\"Person\",\"@id\":\"http:\/\/www.palledicuoio.com\/wordpress\/#\/schema\/person\/5d8faacc72c7110624daa6e8938abb5e\",\"name\":\"Gavino\",\"image\":{\"@type\":\"ImageObject\",\"@id\":\"http:\/\/www.palledicuoio.com\/wordpress\/#personlogo\",\"inLanguage\":\"it-IT\",\"url\":\"http:\/\/0.gravatar.com\/avatar\/6ddc0a744c962adce47cff51821cca84?s=96&d=retro&r=g\",\"caption\":\"Gavino\"}}]}<\/script>\n<!-- \/ Yoast SEO plugin. -->","_links":{"self":[{"href":"http:\/\/www.palledicuoio.com\/wordpress\/wp-json\/wp\/v2\/posts\/1398"}],"collection":[{"href":"http:\/\/www.palledicuoio.com\/wordpress\/wp-json\/wp\/v2\/posts"}],"about":[{"href":"http:\/\/www.palledicuoio.com\/wordpress\/wp-json\/wp\/v2\/types\/post"}],"author":[{"embeddable":true,"href":"http:\/\/www.palledicuoio.com\/wordpress\/wp-json\/wp\/v2\/users\/3"}],"replies":[{"embeddable":true,"href":"http:\/\/www.palledicuoio.com\/wordpress\/wp-json\/wp\/v2\/comments?post=1398"}],"version-history":[{"count":7,"href":"http:\/\/www.palledicuoio.com\/wordpress\/wp-json\/wp\/v2\/posts\/1398\/revisions"}],"predecessor-version":[{"id":1405,"href":"http:\/\/www.palledicuoio.com\/wordpress\/wp-json\/wp\/v2\/posts\/1398\/revisions\/1405"}],"wp:featuredmedia":[{"embeddable":true,"href":"http:\/\/www.palledicuoio.com\/wordpress\/wp-json\/wp\/v2\/media\/1412"}],"wp:attachment":[{"href":"http:\/\/www.palledicuoio.com\/wordpress\/wp-json\/wp\/v2\/media?parent=1398"}],"wp:term":[{"taxonomy":"category","embeddable":true,"href":"http:\/\/www.palledicuoio.com\/wordpress\/wp-json\/wp\/v2\/categories?post=1398"},{"taxonomy":"post_tag","embeddable":true,"href":"http:\/\/www.palledicuoio.com\/wordpress\/wp-json\/wp\/v2\/tags?post=1398"}],"curies":[{"name":"wp","href":"https:\/\/api.w.org\/{rel}","templated":true}]}}