{"id":9013,"date":"2013-09-25T13:21:06","date_gmt":"2013-09-25T11:21:06","guid":{"rendered":"http:\/\/www.palledicuoio.com\/wordpress\/?p=9013"},"modified":"2019-01-03T18:08:02","modified_gmt":"2019-01-03T17:08:02","slug":"cacciatore-il-balletto-i-retroscena-lo-scoop","status":"publish","type":"post","link":"http:\/\/www.palledicuoio.com\/wordpress\/cacciatore-il-balletto-i-retroscena-lo-scoop\/","title":{"rendered":"Cacciatore e il suo balletto: i retroscena e lo scoop."},"content":{"rendered":"<p style=\"text-align: justify;\">Fabrizio Cacciatore, roccioso (pi\u00f9 o meno) difensore del Verona, ha un passato ignoto ai pi\u00f9. Cresciuto nelle giovanili di Juventus, Torino e Pro Vercelli, passa nel 2003 alla Sampdoria, dove ha modo di crescere, tra qualche prestito in giro per l&#8217;Italia e il debutto in prima squadra che arriva finalmente nel 2009.<\/p>\n<p><a href=\"http:\/\/www.palledicuoio.com\/wordpress\/wp-content\/uploads\/2013\/09\/cacciatore.jpg\"><img loading=\"lazy\" class=\"aligncenter size-medium wp-image-9014\" alt=\"cacciatore\" src=\"http:\/\/www.palledicuoio.com\/wordpress\/wp-content\/uploads\/2013\/09\/cacciatore-300x225.jpg\" width=\"300\" height=\"225\" srcset=\"http:\/\/www.palledicuoio.com\/wordpress\/wp-content\/uploads\/2013\/09\/cacciatore-300x225.jpg 300w, http:\/\/www.palledicuoio.com\/wordpress\/wp-content\/uploads\/2013\/09\/cacciatore.jpg 640w\" sizes=\"(max-width: 300px) 100vw, 300px\" \/><\/a><\/p>\n<p style=\"text-align: justify;\">Prima di darsi al calcio, per\u00f2, cacciatore \u00e8 stato un ballerino apprezzato in molti ambienti. Una professione che ha tentato di nascondere dal curriculum: ma chi nasce ballerino, muore ballerino. Domenica scorsa, infatti, il suo animo danzereccio \u00e8 saltato fuori al momento del gol contro la Juventus (suo primo in Serie A).<\/p>\n<p style=\"text-align: justify;\"><iframe src=\"\/\/www.youtube.com\/embed\/GSgQuc-Ayek\" height=\"315\" width=\"420\" allowfullscreen=\"\" frameborder=\"0\"><\/iframe><\/p>\n<p style=\"text-align: justify;\">Insospettiti da cotanta leggiadria di movimento, noi di Palle di cuoio siamo andati a scavare nel suo passato e, come delle vere scrofe da tartufo, abbiamo fiutato lo scoop. Cacciatore faceva il ballerino e ha lavorato per la televisione: ha fatto da controfigura ad Alfonso Ribeiro nella famosa serie <em>Willy, il principe di Bel Air<\/em>.<br \/>\nQui potete vederlo, col suo trucco di scena, in alcune delle sue performance migliori.<\/p>\n<p><iframe src=\"\/\/www.youtube.com\/embed\/jKlxjbhB9HE\" height=\"315\" width=\"420\" allowfullscreen=\"\" frameborder=\"0\"><\/iframe><\/p>\n<p>Fabrizio, ti abbiamo scoperto!<\/p>\n","protected":false},"excerpt":{"rendered":"<p>Fabrizio Cacciatore, roccioso (pi\u00f9 o meno) difensore del Verona, ha un passato ignoto ai pi\u00f9. Cresciuto nelle giovanili di Juventus,&nbsp;[&hellip;]<\/p>\n","protected":false},"author":2,"featured_media":9014,"comment_status":"open","ping_status":"open","sticky":false,"template":"","format":"standard","meta":[],"categories":[5],"tags":[2130],"jetpack_featured_media_url":"http:\/\/www.palledicuoio.com\/wordpress\/wp-content\/uploads\/2013\/09\/cacciatore.jpg","yoast_head":"<!-- This site is optimized with the Yoast SEO plugin v15.0 - https:\/\/yoast.com\/wordpress\/plugins\/seo\/ -->\n<title>Cacciatore e il suo balletto: lo scoop. - Palle di cuoio<\/title>\n<meta name=\"description\" content=\"Fabrizio Cacciatore, roccioso (pi\u00f9 o meno) difensore del Verona, ha un passato ignoto ai pi\u00f9: \u00e8 stato infatti un apprezzato ballerino, noto anche in TV.\" \/>\n<meta name=\"robots\" content=\"index, follow, max-snippet:-1, max-image-preview:large, max-video-preview:-1\" \/>\n<link rel=\"canonical\" href=\"http:\/\/www.palledicuoio.com\/wordpress\/cacciatore-il-balletto-i-retroscena-lo-scoop\/\" \/>\n<meta property=\"og:locale\" content=\"it_IT\" \/>\n<meta property=\"og:type\" content=\"article\" \/>\n<meta property=\"og:title\" content=\"Cacciatore e il suo balletto: lo scoop. - Palle di cuoio\" \/>\n<meta property=\"og:description\" content=\"Fabrizio Cacciatore, roccioso (pi\u00f9 o meno) difensore del Verona, ha un passato ignoto ai pi\u00f9: \u00e8 stato infatti un apprezzato ballerino, noto anche in TV.\" \/>\n<meta property=\"og:url\" content=\"http:\/\/www.palledicuoio.com\/wordpress\/cacciatore-il-balletto-i-retroscena-lo-scoop\/\" \/>\n<meta property=\"og:site_name\" content=\"Palle di cuoio\" \/>\n<meta property=\"article:publisher\" content=\"http:\/\/www.facebook.com\/palledicuoio\" \/>\n<meta property=\"article:published_time\" content=\"2013-09-25T11:21:06+00:00\" \/>\n<meta property=\"article:modified_time\" content=\"2019-01-03T17:08:02+00:00\" \/>\n<meta property=\"og:image\" content=\"http:\/\/www.palledicuoio.com\/wordpress\/wp-content\/uploads\/2013\/09\/cacciatore.jpg\" \/>\n\t<meta property=\"og:image:width\" content=\"640\" \/>\n\t<meta property=\"og:image:height\" content=\"480\" \/>\n<meta name=\"twitter:card\" content=\"summary\" \/>\n<meta name=\"twitter:creator\" content=\"@Palledicuoio\" \/>\n<meta name=\"twitter:site\" content=\"@Palledicuoio\" \/>\n<script type=\"application\/ld+json\" class=\"yoast-schema-graph\">{\"@context\":\"https:\/\/schema.org\",\"@graph\":[{\"@type\":\"WebSite\",\"@id\":\"http:\/\/www.palledicuoio.com\/wordpress\/#website\",\"url\":\"http:\/\/www.palledicuoio.com\/wordpress\/\",\"name\":\"Palle di cuoio\",\"description\":\"Un format demenzial-sportivo\",\"potentialAction\":[{\"@type\":\"SearchAction\",\"target\":\"http:\/\/www.palledicuoio.com\/wordpress\/?s={search_term_string}\",\"query-input\":\"required name=search_term_string\"}],\"inLanguage\":\"it-IT\"},{\"@type\":\"ImageObject\",\"@id\":\"http:\/\/www.palledicuoio.com\/wordpress\/cacciatore-il-balletto-i-retroscena-lo-scoop\/#primaryimage\",\"inLanguage\":\"it-IT\",\"url\":\"http:\/\/www.palledicuoio.com\/wordpress\/wp-content\/uploads\/2013\/09\/cacciatore.jpg\",\"width\":640,\"height\":480},{\"@type\":\"WebPage\",\"@id\":\"http:\/\/www.palledicuoio.com\/wordpress\/cacciatore-il-balletto-i-retroscena-lo-scoop\/#webpage\",\"url\":\"http:\/\/www.palledicuoio.com\/wordpress\/cacciatore-il-balletto-i-retroscena-lo-scoop\/\",\"name\":\"Cacciatore e il suo balletto: lo scoop. - Palle di cuoio\",\"isPartOf\":{\"@id\":\"http:\/\/www.palledicuoio.com\/wordpress\/#website\"},\"primaryImageOfPage\":{\"@id\":\"http:\/\/www.palledicuoio.com\/wordpress\/cacciatore-il-balletto-i-retroscena-lo-scoop\/#primaryimage\"},\"datePublished\":\"2013-09-25T11:21:06+00:00\",\"dateModified\":\"2019-01-03T17:08:02+00:00\",\"author\":{\"@id\":\"http:\/\/www.palledicuoio.com\/wordpress\/#\/schema\/person\/21c689ac8081734ad3507edc102c5f7f\"},\"description\":\"Fabrizio Cacciatore, roccioso (pi\\u00f9 o meno) difensore del Verona, ha un passato ignoto ai pi\\u00f9: \\u00e8 stato infatti un apprezzato ballerino, noto anche in TV.\",\"inLanguage\":\"it-IT\",\"potentialAction\":[{\"@type\":\"ReadAction\",\"target\":[\"http:\/\/www.palledicuoio.com\/wordpress\/cacciatore-il-balletto-i-retroscena-lo-scoop\/\"]}]},{\"@type\":\"Person\",\"@id\":\"http:\/\/www.palledicuoio.com\/wordpress\/#\/schema\/person\/21c689ac8081734ad3507edc102c5f7f\",\"name\":\"Bepi\",\"image\":{\"@type\":\"ImageObject\",\"@id\":\"http:\/\/www.palledicuoio.com\/wordpress\/#personlogo\",\"inLanguage\":\"it-IT\",\"url\":\"http:\/\/0.gravatar.com\/avatar\/366096af66eff93e2332f7726a1ac247?s=96&d=retro&r=g\",\"caption\":\"Bepi\"}}]}<\/script>\n<!-- \/ Yoast SEO plugin. -->","_links":{"self":[{"href":"http:\/\/www.palledicuoio.com\/wordpress\/wp-json\/wp\/v2\/posts\/9013"}],"collection":[{"href":"http:\/\/www.palledicuoio.com\/wordpress\/wp-json\/wp\/v2\/posts"}],"about":[{"href":"http:\/\/www.palledicuoio.com\/wordpress\/wp-json\/wp\/v2\/types\/post"}],"author":[{"embeddable":true,"href":"http:\/\/www.palledicuoio.com\/wordpress\/wp-json\/wp\/v2\/users\/2"}],"replies":[{"embeddable":true,"href":"http:\/\/www.palledicuoio.com\/wordpress\/wp-json\/wp\/v2\/comments?post=9013"}],"version-history":[{"count":3,"href":"http:\/\/www.palledicuoio.com\/wordpress\/wp-json\/wp\/v2\/posts\/9013\/revisions"}],"predecessor-version":[{"id":21241,"href":"http:\/\/www.palledicuoio.com\/wordpress\/wp-json\/wp\/v2\/posts\/9013\/revisions\/21241"}],"wp:featuredmedia":[{"embeddable":true,"href":"http:\/\/www.palledicuoio.com\/wordpress\/wp-json\/wp\/v2\/media\/9014"}],"wp:attachment":[{"href":"http:\/\/www.palledicuoio.com\/wordpress\/wp-json\/wp\/v2\/media?parent=9013"}],"wp:term":[{"taxonomy":"category","embeddable":true,"href":"http:\/\/www.palledicuoio.com\/wordpress\/wp-json\/wp\/v2\/categories?post=9013"},{"taxonomy":"post_tag","embeddable":true,"href":"http:\/\/www.palledicuoio.com\/wordpress\/wp-json\/wp\/v2\/tags?post=9013"}],"curies":[{"name":"wp","href":"https:\/\/api.w.org\/{rel}","templated":true}]}}